{"id":1540,"date":"2022-03-01T10:06:00","date_gmt":"2022-03-01T10:06:00","guid":{"rendered":"https:\/\/www.afmuseet.no\/en\/?p=1540"},"modified":"2022-04-29T10:06:50","modified_gmt":"2022-04-29T10:06:50","slug":"an-attack-on-democratic-institutions-is-an-attack-on-all-of-us","status":"publish","type":"post","link":"https:\/\/www.afmuseet.no\/en\/an-attack-on-democratic-institutions-is-an-attack-on-all-of-us\/","title":{"rendered":"An attack on democratic institutions is an attack on all of us"},"content":{"rendered":"\n<div class=\"wp-block-cover alignfull has-neutral-50-background-color has-background-dim is-style-hero\"><div class=\"wp-block-cover__inner-container is-layout-flow wp-block-cover-is-layout-flow\"><span class=\"wp-block-afm-label medium aligncenter wp-block-afm-block-post-type has-text-color has-neutral-1000-color\">Magazine<\/span>\n\n<h1 class=\"has-text-align-center aligncenter wp-block-post-title has-text-color has-neutral-1000-color\">An attack on democratic institutions is an attack on all of us<\/h1>\n\n<figure class=\"alignwide wp-block-post-featured-image\"><img loading=\"lazy\" decoding=\"async\" width=\"1920\" height=\"1280\" src=\"https:\/\/www.afmuseet.no\/content\/uploads\/sites\/3\/2022\/04\/Flag_of_Ukraine.jpg\" class=\"attachment-post-thumbnail size-post-thumbnail wp-post-image\" alt=\"\" srcset=\"https:\/\/www.afmuseet.no\/content\/uploads\/sites\/3\/2022\/04\/Flag_of_Ukraine.jpg 1920w, https:\/\/www.afmuseet.no\/content\/uploads\/sites\/3\/2022\/04\/Flag_of_Ukraine-300x200.jpg 300w, https:\/\/www.afmuseet.no\/content\/uploads\/sites\/3\/2022\/04\/Flag_of_Ukraine-1024x683.jpg 1024w, https:\/\/www.afmuseet.no\/content\/uploads\/sites\/3\/2022\/04\/Flag_of_Ukraine-768x512.jpg 768w, https:\/\/www.afmuseet.no\/content\/uploads\/sites\/3\/2022\/04\/Flag_of_Ukraine-1536x1024.jpg 1536w\" sizes=\"auto, (max-width: 1920px) 100vw, 1920px\" \/><figcaption><\/figcaption><\/figure>\n\n<div class=\"has-text-align-center wp-block-post-excerpt has-text-color has-neutral-1000-color\"><p class=\"wp-block-post-excerpt__excerpt\">A statement from art institutions of the Nordic countries: We stand in unconditional solidarity and support with Ukrainian art professionals. <\/p><\/div><\/div><\/div>\n\n\n\n<p>An attack on democratic institutions is an attack on all of us.<\/p>\n\n\n\n<p>We condemn the Russian regime\u2019s military invasion of Ukraine, and we stand in solidarity with the people affected by these violent attacks. We are concerned about the well-being of our colleagues in Ukraine, whose lives, freedom, and ability to work\u2014in the field of art and otherwise\u2014changed overnight. We are disturbed by the treatment of those in Russia who are speaking out against the war and their leaders. Art professionals have been restricted from expressing themselves and working freely alongside their families, friends, audiences, and fellow citizens. An entire region that has long been a source of insight and wisdom for the international art community has now been transformed into a conflict zone by the autocracy of the current Russian government.<\/p>\n\n\n\n<p>We call on authorities in the Nordic countries to comply with the EU regulations to facilitate the admission of refugees from the region and from other war-torn areas and to provide a haven for people who have been forced to leave their homes. As professional organizations, we stand in solidarity and join our voices together on behalf of all cultural workers, students, and other professionals in our fields. We speak with one voice in solidarity with international sister institutions and professionals in Russia who acknowledge the aggression, speak out loudly about the war, and condemn it. We will comply with requests to pressure Vladimir Putin by not engaging, or by publicly disengaging, with Russian art collections and magnates who directly and indirectly support this unjustifiable war.<\/p>\n\n\n\n<p>Art contributes to a just society. As we collect funds to provide space and financial support to cultural workers from the region, we celebrate artists who have contributed to building a peaceful and democratic society in Ukraine and abroad. Stop the war.<\/p>\n\n\n\n<p><strong>Art Centers:<\/strong><br>Kari Berge, director Sandefjord Kunstforening, Norway<br>Antonio Cataldo, director Fotogalleriet, Norway<br>Stefanie Hessler, director Kunsthall Trondheim, Norway<br>Anne Hilde Neset, director Kunstnernes Hus, Norway<br>Mats Stjernstedt, director Malm\u00f6 Konsthall, Sweden<br>Cecilia Widenheim, director Tensta konsthall, Sweden<br>Axel Wieder, director Bergen Kunsthall, Norway<br>Marie Nipper, Copenhagen Contemporary, Denmark<br>Kunsthall Oslo, Norway<br>Rikke Komissar, director Nitja senter for samtidskunst, Norway<br>Susanne Svenseid, Director Norwegian Association of Art Societies, Norway<br>Diana Baldon and Iben Mosb\u00e6k, Directors Kunsthal Aarhus, Denmark<br>Arild H Eriksen, director Nordisk Kunstnarsenter Dale, Norway<br>Cameron MacLeod, director Aldea \u2013 Center for Contemporary Art, Design and Technology, Bergen, Norway<br>Mathijs van Geest, director Hordaland Kunstsenter, Bergen, Norway<br>Sara Rossling, Chair Nordic Art Association (NKF)<br>Miriam Wistreich and Steffen H\u00e5ndlykken, director and chair of Unge Kunstneres Samfund, Norway<br>Solveig L\u00f8nmo, curator Nordenfjeldske Kunstindustrimuseum, Norway<br>Randi Martine Brockmann, director Tr\u00f8ndelag senter for samtidskunst (TSSK), Norway<br>Jacob Fabricius and Lars Bang Larsen, Art Hub Copenhagen, Denmark<\/p>\n\n\n\n<p><strong>Museums:<\/strong><br>Tone Hansen, director Henie Onstad Kunstsenter, Norway<br>Kirse Junge-Stevnsborg, director Malm\u00f6 Konstmuseum, Sweden<br>Hanne Beate Ueland, director, department of Art, Stavanger kunstmuseum,&nbsp;MUST, Norway<br>Solveig \u00d8vsteb\u00f8, director Astrup Fearnley Museet, Norway<br>Katarina Pierre, director Bildmuseet, Ume\u00e5 universitet, Sweden<br>Johan B\u00f6rjesson, director Trondheim kunstmuseum, Norway<br>Mia Haltia, acting director Turku art museum, FInland<\/p>\n","protected":false},"excerpt":{"rendered":"<p>A statement from art institutions of the Nordic countries: We stand in unconditional solidarity and support with Ukrainian art professionals.<\/p>\n","protected":false},"author":3,"featured_media":1541,"comment_status":"open","ping_status":"open","sticky":false,"template":"","format":"standard","meta":{"afm_hide_title":false,"_afm_post_new_title":"","footnotes":"","afm_terms_sep_post_category":", ","afm_terms_sep_post_post_tag":", ","afm_terms_sep_post_post_format":", "},"categories":[1],"tags":[],"class_list":["post-1540","post","type-post","status-publish","format-standard","has-post-thumbnail","hentry","category-uncategorized"],"yoast_head":"<!-- This site is optimized with the Yoast SEO Premium plugin v26.9 (Yoast SEO v26.9) - https:\/\/yoast.com\/product\/yoast-seo-premium-wordpress\/ -->\n<title>An attack on democratic institutions is an attack on all of us - Astrup Fearnley Museet<\/title>\n<meta name=\"robots\" content=\"index, follow, max-snippet:-1, max-image-preview:large, max-video-preview:-1\" \/>\n<link rel=\"canonical\" href=\"https:\/\/www.afmuseet.no\/en\/an-attack-on-democratic-institutions-is-an-attack-on-all-of-us\/\" \/>\n<meta property=\"og:locale\" content=\"en_US\" \/>\n<meta property=\"og:type\" content=\"article\" \/>\n<meta property=\"og:title\" content=\"An attack on democratic institutions is an attack on all of us\" \/>\n<meta property=\"og:description\" content=\"A statement from art institutions of the Nordic countries: We stand in unconditional solidarity and support with Ukrainian art professionals.\" \/>\n<meta property=\"og:url\" content=\"https:\/\/www.afmuseet.no\/en\/an-attack-on-democratic-institutions-is-an-attack-on-all-of-us\/\" \/>\n<meta property=\"og:site_name\" content=\"Astrup Fearnley Museet\" \/>\n<meta property=\"article:published_time\" content=\"2022-03-01T10:06:00+00:00\" \/>\n<meta property=\"article:modified_time\" content=\"2022-04-29T10:06:50+00:00\" \/>\n<meta property=\"og:image\" content=\"https:\/\/www.afmuseet.no\/content\/uploads\/sites\/3\/2022\/04\/Flag_of_Ukraine.jpg\" \/>\n\t<meta property=\"og:image:width\" content=\"1920\" \/>\n\t<meta property=\"og:image:height\" content=\"1280\" \/>\n\t<meta property=\"og:image:type\" content=\"image\/jpeg\" \/>\n<meta name=\"author\" content=\"Renate Thorbj\u00f8rnsen\" \/>\n<meta name=\"twitter:card\" content=\"summary_large_image\" \/>\n<meta name=\"twitter:label1\" content=\"Written by\" \/>\n\t<meta name=\"twitter:data1\" content=\"Renate Thorbj\u00f8rnsen\" \/>\n\t<meta name=\"twitter:label2\" content=\"Est. reading time\" \/>\n\t<meta name=\"twitter:data2\" content=\"3 minutes\" \/>\n<script type=\"application\/ld+json\" class=\"yoast-schema-graph\">{\"@context\":\"https:\/\/schema.org\",\"@graph\":[{\"@type\":\"Article\",\"@id\":\"https:\/\/www.afmuseet.no\/en\/an-attack-on-democratic-institutions-is-an-attack-on-all-of-us\/#article\",\"isPartOf\":{\"@id\":\"https:\/\/www.afmuseet.no\/en\/an-attack-on-democratic-institutions-is-an-attack-on-all-of-us\/\"},\"author\":{\"name\":\"Renate Thorbj\u00f8rnsen\",\"@id\":\"https:\/\/www.afmuseet.no\/en\/#\/schema\/person\/025bfbee0a1f811f4ff96ebaece326cc\"},\"headline\":\"An attack on democratic institutions is an attack on all of us\",\"datePublished\":\"2022-03-01T10:06:00+00:00\",\"dateModified\":\"2022-04-29T10:06:50+00:00\",\"mainEntityOfPage\":{\"@id\":\"https:\/\/www.afmuseet.no\/en\/an-attack-on-democratic-institutions-is-an-attack-on-all-of-us\/\"},\"wordCount\":503,\"commentCount\":0,\"image\":{\"@id\":\"https:\/\/www.afmuseet.no\/en\/an-attack-on-democratic-institutions-is-an-attack-on-all-of-us\/#primaryimage\"},\"thumbnailUrl\":\"https:\/\/www.afmuseet.no\/content\/uploads\/sites\/3\/2022\/04\/Flag_of_Ukraine.jpg\",\"inLanguage\":\"en-US\",\"potentialAction\":[{\"@type\":\"CommentAction\",\"name\":\"Comment\",\"target\":[\"https:\/\/www.afmuseet.no\/en\/an-attack-on-democratic-institutions-is-an-attack-on-all-of-us\/#respond\"]}]},{\"@type\":\"WebPage\",\"@id\":\"https:\/\/www.afmuseet.no\/en\/an-attack-on-democratic-institutions-is-an-attack-on-all-of-us\/\",\"url\":\"https:\/\/www.afmuseet.no\/en\/an-attack-on-democratic-institutions-is-an-attack-on-all-of-us\/\",\"name\":\"An attack on democratic institutions is an attack on all of us - Astrup Fearnley Museet\",\"isPartOf\":{\"@id\":\"https:\/\/www.afmuseet.no\/en\/#website\"},\"primaryImageOfPage\":{\"@id\":\"https:\/\/www.afmuseet.no\/en\/an-attack-on-democratic-institutions-is-an-attack-on-all-of-us\/#primaryimage\"},\"image\":{\"@id\":\"https:\/\/www.afmuseet.no\/en\/an-attack-on-democratic-institutions-is-an-attack-on-all-of-us\/#primaryimage\"},\"thumbnailUrl\":\"https:\/\/www.afmuseet.no\/content\/uploads\/sites\/3\/2022\/04\/Flag_of_Ukraine.jpg\",\"datePublished\":\"2022-03-01T10:06:00+00:00\",\"dateModified\":\"2022-04-29T10:06:50+00:00\",\"author\":{\"@id\":\"https:\/\/www.afmuseet.no\/en\/#\/schema\/person\/025bfbee0a1f811f4ff96ebaece326cc\"},\"breadcrumb\":{\"@id\":\"https:\/\/www.afmuseet.no\/en\/an-attack-on-democratic-institutions-is-an-attack-on-all-of-us\/#breadcrumb\"},\"inLanguage\":\"en-US\",\"potentialAction\":[{\"@type\":\"ReadAction\",\"target\":[\"https:\/\/www.afmuseet.no\/en\/an-attack-on-democratic-institutions-is-an-attack-on-all-of-us\/\"]}]},{\"@type\":\"ImageObject\",\"inLanguage\":\"en-US\",\"@id\":\"https:\/\/www.afmuseet.no\/en\/an-attack-on-democratic-institutions-is-an-attack-on-all-of-us\/#primaryimage\",\"url\":\"https:\/\/www.afmuseet.no\/content\/uploads\/sites\/3\/2022\/04\/Flag_of_Ukraine.jpg\",\"contentUrl\":\"https:\/\/www.afmuseet.no\/content\/uploads\/sites\/3\/2022\/04\/Flag_of_Ukraine.jpg\",\"width\":1920,\"height\":1280},{\"@type\":\"BreadcrumbList\",\"@id\":\"https:\/\/www.afmuseet.no\/en\/an-attack-on-democratic-institutions-is-an-attack-on-all-of-us\/#breadcrumb\",\"itemListElement\":[{\"@type\":\"ListItem\",\"position\":1,\"name\":\"Home\",\"item\":\"https:\/\/www.afmuseet.no\/en\/\"},{\"@type\":\"ListItem\",\"position\":2,\"name\":\"An attack on democratic institutions is an attack on all of us\"}]},{\"@type\":\"WebSite\",\"@id\":\"https:\/\/www.afmuseet.no\/en\/#website\",\"url\":\"https:\/\/www.afmuseet.no\/en\/\",\"name\":\"Astrup Fearnley Museet\",\"description\":\"\",\"potentialAction\":[{\"@type\":\"SearchAction\",\"target\":{\"@type\":\"EntryPoint\",\"urlTemplate\":\"https:\/\/www.afmuseet.no\/en\/?s={search_term_string}\"},\"query-input\":{\"@type\":\"PropertyValueSpecification\",\"valueRequired\":true,\"valueName\":\"search_term_string\"}}],\"inLanguage\":\"en-US\"},{\"@type\":\"Person\",\"@id\":\"https:\/\/www.afmuseet.no\/en\/#\/schema\/person\/025bfbee0a1f811f4ff96ebaece326cc\",\"name\":\"Renate Thorbj\u00f8rnsen\",\"url\":\"https:\/\/www.afmuseet.no\/en\/author\/r-thorbjoernsenafmuseet-no\/\"}]}<\/script>\n<!-- \/ Yoast SEO Premium plugin. -->","yoast_head_json":{"title":"An attack on democratic institutions is an attack on all of us - Astrup Fearnley Museet","robots":{"index":"index","follow":"follow","max-snippet":"max-snippet:-1","max-image-preview":"max-image-preview:large","max-video-preview":"max-video-preview:-1"},"canonical":"https:\/\/www.afmuseet.no\/en\/an-attack-on-democratic-institutions-is-an-attack-on-all-of-us\/","og_locale":"en_US","og_type":"article","og_title":"An attack on democratic institutions is an attack on all of us","og_description":"A statement from art institutions of the Nordic countries: We stand in unconditional solidarity and support with Ukrainian art professionals.","og_url":"https:\/\/www.afmuseet.no\/en\/an-attack-on-democratic-institutions-is-an-attack-on-all-of-us\/","og_site_name":"Astrup Fearnley Museet","article_published_time":"2022-03-01T10:06:00+00:00","article_modified_time":"2022-04-29T10:06:50+00:00","og_image":[{"width":1920,"height":1280,"url":"https:\/\/www.afmuseet.no\/content\/uploads\/sites\/3\/2022\/04\/Flag_of_Ukraine.jpg","type":"image\/jpeg"}],"author":"Renate Thorbj\u00f8rnsen","twitter_card":"summary_large_image","twitter_misc":{"Written by":"Renate Thorbj\u00f8rnsen","Est. reading time":"3 minutes"},"schema":{"@context":"https:\/\/schema.org","@graph":[{"@type":"Article","@id":"https:\/\/www.afmuseet.no\/en\/an-attack-on-democratic-institutions-is-an-attack-on-all-of-us\/#article","isPartOf":{"@id":"https:\/\/www.afmuseet.no\/en\/an-attack-on-democratic-institutions-is-an-attack-on-all-of-us\/"},"author":{"name":"Renate Thorbj\u00f8rnsen","@id":"https:\/\/www.afmuseet.no\/en\/#\/schema\/person\/025bfbee0a1f811f4ff96ebaece326cc"},"headline":"An attack on democratic institutions is an attack on all of us","datePublished":"2022-03-01T10:06:00+00:00","dateModified":"2022-04-29T10:06:50+00:00","mainEntityOfPage":{"@id":"https:\/\/www.afmuseet.no\/en\/an-attack-on-democratic-institutions-is-an-attack-on-all-of-us\/"},"wordCount":503,"commentCount":0,"image":{"@id":"https:\/\/www.afmuseet.no\/en\/an-attack-on-democratic-institutions-is-an-attack-on-all-of-us\/#primaryimage"},"thumbnailUrl":"https:\/\/www.afmuseet.no\/content\/uploads\/sites\/3\/2022\/04\/Flag_of_Ukraine.jpg","inLanguage":"en-US","potentialAction":[{"@type":"CommentAction","name":"Comment","target":["https:\/\/www.afmuseet.no\/en\/an-attack-on-democratic-institutions-is-an-attack-on-all-of-us\/#respond"]}]},{"@type":"WebPage","@id":"https:\/\/www.afmuseet.no\/en\/an-attack-on-democratic-institutions-is-an-attack-on-all-of-us\/","url":"https:\/\/www.afmuseet.no\/en\/an-attack-on-democratic-institutions-is-an-attack-on-all-of-us\/","name":"An attack on democratic institutions is an attack on all of us - Astrup Fearnley Museet","isPartOf":{"@id":"https:\/\/www.afmuseet.no\/en\/#website"},"primaryImageOfPage":{"@id":"https:\/\/www.afmuseet.no\/en\/an-attack-on-democratic-institutions-is-an-attack-on-all-of-us\/#primaryimage"},"image":{"@id":"https:\/\/www.afmuseet.no\/en\/an-attack-on-democratic-institutions-is-an-attack-on-all-of-us\/#primaryimage"},"thumbnailUrl":"https:\/\/www.afmuseet.no\/content\/uploads\/sites\/3\/2022\/04\/Flag_of_Ukraine.jpg","datePublished":"2022-03-01T10:06:00+00:00","dateModified":"2022-04-29T10:06:50+00:00","author":{"@id":"https:\/\/www.afmuseet.no\/en\/#\/schema\/person\/025bfbee0a1f811f4ff96ebaece326cc"},"breadcrumb":{"@id":"https:\/\/www.afmuseet.no\/en\/an-attack-on-democratic-institutions-is-an-attack-on-all-of-us\/#breadcrumb"},"inLanguage":"en-US","potentialAction":[{"@type":"ReadAction","target":["https:\/\/www.afmuseet.no\/en\/an-attack-on-democratic-institutions-is-an-attack-on-all-of-us\/"]}]},{"@type":"ImageObject","inLanguage":"en-US","@id":"https:\/\/www.afmuseet.no\/en\/an-attack-on-democratic-institutions-is-an-attack-on-all-of-us\/#primaryimage","url":"https:\/\/www.afmuseet.no\/content\/uploads\/sites\/3\/2022\/04\/Flag_of_Ukraine.jpg","contentUrl":"https:\/\/www.afmuseet.no\/content\/uploads\/sites\/3\/2022\/04\/Flag_of_Ukraine.jpg","width":1920,"height":1280},{"@type":"BreadcrumbList","@id":"https:\/\/www.afmuseet.no\/en\/an-attack-on-democratic-institutions-is-an-attack-on-all-of-us\/#breadcrumb","itemListElement":[{"@type":"ListItem","position":1,"name":"Home","item":"https:\/\/www.afmuseet.no\/en\/"},{"@type":"ListItem","position":2,"name":"An attack on democratic institutions is an attack on all of us"}]},{"@type":"WebSite","@id":"https:\/\/www.afmuseet.no\/en\/#website","url":"https:\/\/www.afmuseet.no\/en\/","name":"Astrup Fearnley Museet","description":"","potentialAction":[{"@type":"SearchAction","target":{"@type":"EntryPoint","urlTemplate":"https:\/\/www.afmuseet.no\/en\/?s={search_term_string}"},"query-input":{"@type":"PropertyValueSpecification","valueRequired":true,"valueName":"search_term_string"}}],"inLanguage":"en-US"},{"@type":"Person","@id":"https:\/\/www.afmuseet.no\/en\/#\/schema\/person\/025bfbee0a1f811f4ff96ebaece326cc","name":"Renate Thorbj\u00f8rnsen","url":"https:\/\/www.afmuseet.no\/en\/author\/r-thorbjoernsenafmuseet-no\/"}]}},"_links":{"self":[{"href":"https:\/\/www.afmuseet.no\/en\/wp-json\/wp\/v2\/posts\/1540","targetHints":{"allow":["GET"]}}],"collection":[{"href":"https:\/\/www.afmuseet.no\/en\/wp-json\/wp\/v2\/posts"}],"about":[{"href":"https:\/\/www.afmuseet.no\/en\/wp-json\/wp\/v2\/types\/post"}],"author":[{"embeddable":true,"href":"https:\/\/www.afmuseet.no\/en\/wp-json\/wp\/v2\/users\/3"}],"replies":[{"embeddable":true,"href":"https:\/\/www.afmuseet.no\/en\/wp-json\/wp\/v2\/comments?post=1540"}],"version-history":[{"count":1,"href":"https:\/\/www.afmuseet.no\/en\/wp-json\/wp\/v2\/posts\/1540\/revisions"}],"predecessor-version":[{"id":1542,"href":"https:\/\/www.afmuseet.no\/en\/wp-json\/wp\/v2\/posts\/1540\/revisions\/1542"}],"wp:featuredmedia":[{"embeddable":true,"href":"https:\/\/www.afmuseet.no\/en\/wp-json\/wp\/v2\/media\/1541"}],"wp:attachment":[{"href":"https:\/\/www.afmuseet.no\/en\/wp-json\/wp\/v2\/media?parent=1540"}],"wp:term":[{"taxonomy":"category","embeddable":true,"href":"https:\/\/www.afmuseet.no\/en\/wp-json\/wp\/v2\/categories?post=1540"},{"taxonomy":"post_tag","embeddable":true,"href":"https:\/\/www.afmuseet.no\/en\/wp-json\/wp\/v2\/tags?post=1540"}],"curies":[{"name":"wp","href":"https:\/\/api.w.org\/{rel}","templated":true}]}}